{"id":338,"date":"2013-04-01T00:00:00","date_gmt":"2013-03-31T22:00:00","guid":{"rendered":"http:\/\/cubs-online.at\/wordpress\/?p=338"},"modified":"2013-04-01T00:00:00","modified_gmt":"2013-03-31T22:00:00","slug":"verschneites-nachwuchs-ostercamp","status":"publish","type":"post","link":"https:\/\/cubs.at\/wordpress\/verschneites-nachwuchs-ostercamp\/","title":{"rendered":"Verschneites Nachwuchs-Ostercamp"},"content":{"rendered":"<figure id=\"attachment_337\" aria-describedby=\"caption-attachment-337\" style=\"width: 320px\" class=\"wp-caption alignnone\"><img loading=\"lazy\" decoding=\"async\" class=\" size-full wp-image-337\" src=\"http:\/\/cubs-online.at\/wordpress\/wp-content\/uploads\/2013\/04\/8dc425b2acbf9c68064b8a63eae1ffbc.jpg\" alt=\"Gabor Agardi\" class=\"caption\" title=\"Ostercamp 2013\" width=\"320\" height=\"213\" srcset=\"https:\/\/cubs.at\/wordpress\/wp-content\/uploads\/2013\/04\/8dc425b2acbf9c68064b8a63eae1ffbc.jpg 320w, https:\/\/cubs.at\/wordpress\/wp-content\/uploads\/2013\/04\/8dc425b2acbf9c68064b8a63eae1ffbc-300x200.jpg 300w, https:\/\/cubs.at\/wordpress\/wp-content\/uploads\/2013\/04\/8dc425b2acbf9c68064b8a63eae1ffbc-200x133.jpg 200w\" sizes=\"auto, (max-width: 320px) 85vw, 320px\" \/><figcaption id=\"caption-attachment-337\" class=\"wp-caption-text\">Ostercamp 2013<\/figcaption><\/figure>\n<p>Vom 25. bis 27. M\u00e4rz fand das vom 1. Stockerauer Baseball-Softball Verein und der ABF\u00a0gemeinsam veranstaltete Ostercamp f\u00fcr Nachwuchsspieler statt.<\/p>\n<p> <!--more--> <\/p>\n<p>Geplant war, bereits am ausgewinterten Baseballplatz in Stockerau das dreit\u00e4gige Trainingslager abzuhalten. K\u00e4lte, Schnee, Regen und Schneeregen durchkreuzten dieses Vorhaben aber, so mussten die 26 Teilnehmer aus f\u00fcnf Vereinen (sogar von den Highlanders aus O\u00d6) mit ihren Coaches David K\u00f6rber, Arian Quirantes, Alex Knoll, Moritz Hackl und Dominik Talir in zwei Hallen in Stockerau ausweichen. Den Spa\u00df lie\u00dfen sich aber die Kids dennoch nicht nehmen. Es wurde flei\u00dfig geworfen, gefangen und geschlagen. Nach drei doch sehr anstrengenden Tagen verlie\u00dfen alle ob der erfolgreichen Vorbereitung auf die kommende Saison zufrieden das Camp. <a href=\"https:\/\/www.dropbox.com\/sh\/r0q7yqrqgo323d4\/6JIQvxoFTi#\/\" target=\"_blank\" rel=\"noopener noreferrer\">Hier<\/a> noch ein paar Eindr\u00fccke vom Ostercamp.<\/p>\n","protected":false},"excerpt":{"rendered":"<p>Vom 25. bis 27. M\u00e4rz fand das vom 1. Stockerauer Baseball-Softball Verein und der ABF\u00a0gemeinsam veranstaltete Ostercamp f\u00fcr Nachwuchsspieler statt.<\/p>\n","protected":false},"author":4,"featured_media":336,"comment_status":"open","ping_status":"open","sticky":false,"template":"","format":"standard","meta":{"ngg_post_thumbnail":0,"footnotes":""},"categories":[22],"tags":[],"class_list":["post-338","post","type-post","status-publish","format-standard","has-post-thumbnail","hentry","category-nachwuchs-old"],"post_mailing_queue_ids":[],"_links":{"self":[{"href":"https:\/\/cubs.at\/wordpress\/wp-json\/wp\/v2\/posts\/338","targetHints":{"allow":["GET"]}}],"collection":[{"href":"https:\/\/cubs.at\/wordpress\/wp-json\/wp\/v2\/posts"}],"about":[{"href":"https:\/\/cubs.at\/wordpress\/wp-json\/wp\/v2\/types\/post"}],"author":[{"embeddable":true,"href":"https:\/\/cubs.at\/wordpress\/wp-json\/wp\/v2\/users\/4"}],"replies":[{"embeddable":true,"href":"https:\/\/cubs.at\/wordpress\/wp-json\/wp\/v2\/comments?post=338"}],"version-history":[{"count":0,"href":"https:\/\/cubs.at\/wordpress\/wp-json\/wp\/v2\/posts\/338\/revisions"}],"wp:featuredmedia":[{"embeddable":true,"href":"https:\/\/cubs.at\/wordpress\/wp-json\/wp\/v2\/media\/336"}],"wp:attachment":[{"href":"https:\/\/cubs.at\/wordpress\/wp-json\/wp\/v2\/media?parent=338"}],"wp:term":[{"taxonomy":"category","embeddable":true,"href":"https:\/\/cubs.at\/wordpress\/wp-json\/wp\/v2\/categories?post=338"},{"taxonomy":"post_tag","embeddable":true,"href":"https:\/\/cubs.at\/wordpress\/wp-json\/wp\/v2\/tags?post=338"}],"curies":[{"name":"wp","href":"https:\/\/api.w.org\/{rel}","templated":true}]}}